{"id":210,"date":"2020-04-11T13:01:43","date_gmt":"2020-04-11T13:01:43","guid":{"rendered":"https:\/\/antonelloconcas.it\/?p=210"},"modified":"2023-08-10T15:36:15","modified_gmt":"2023-08-10T15:36:15","slug":"intervista-a-mia-mamma","status":"publish","type":"post","link":"https:\/\/antonelloconcas.it\/?p=210","title":{"rendered":"Intervista a mia Mamma"},"content":{"rendered":"<p><strong>La prima domanda riguarda la differenza che vedi tra la guerra al COVID-19 e quella ai Tedeschi.<\/strong><\/p>\n<p>\u201cAvevo 13 anni quando eravamo ai \u201cCameroni Rossi\u201d frazione di Montevecchio in provincia di Cagliari, le analogie riguardano il fatto che non sapevamo se e quando i tedeschi sarebbero tornati come facevano ogni tanto. Ogni giorno e ogni notte stavamo con il cuore in gola, con la paura che potessero tornare, non eravamo nella condizione di uscire liberamente.\u201d<\/p>\n<p><strong>Per la prima volta questa generazione, si sente senza libert\u00e0 e non abituata all\u2019attesa e all\u2019incertezza.<\/strong><\/p>\n<p><strong>\u201c<\/strong>E\u2019 vero abbiamo perso la nostra libert\u00e0 di organizzare le nostre giornate, per\u00f2 mi pare che stiamo imparando a dare un senso a quello che facciamo, e questo \u00e8 positivo perch\u00e9 la vita moderna \u00e8 segnata da decisioni immediate, che spesso non considerano il passato, la memoria . Oggi di certezze ce ne sono poche e non sappiamo quando ritorner\u00e0 una stagione di certezze nuove che sappiano riscoprire il valore della memoria e della speranza.\u201d<\/p>\n<p><strong>Hai paura?<\/strong><\/p>\n<p><strong>\u201c<\/strong>La paura nei giorni come questi \u00e8 un\u00a0 sentimento naturale e non si pu\u00f2 cancellare, fa parte della nostra vita, tra l\u2019altro ritengo che non sia del tutto negativa, perch\u00e9\u00a0 ci rende pi\u00f9 attenti ai dettagli a cose che normalmente tralasci o non vedi, ma non deve diventare il nostro demone.\u201d<\/p>\n<p><strong>Per il cibo , ad esempio?<\/strong><\/p>\n<p>\u201cTra tutte non mi pare che questa sia al primo posto, tra l\u2019altro credo sarebbe bene evitare\u00a0 di ingrassare , semmai evitare alcuni momenti di isteria collettiva come alcune scene viste in Televisione dentro ai supermercati, ma qui il Coronavirus non centra nulla. Ansie e paure aumentano quando non conosciamo la natura del pericolo, so che non \u00e8 facile controllarle ma almeno non esageriamo\u201d.<\/p>\n","protected":false},"excerpt":{"rendered":"<p>La prima domanda riguarda la differenza che vedi tra la guerra al COVID-19 e quella ai Tedeschi. \u201cAvevo 13 anni quando eravamo ai \u201cCameroni Rossi\u201d frazione di Montevecchio in provincia&hellip;<\/p>\n","protected":false},"author":1,"featured_media":221,"comment_status":"closed","ping_status":"closed","sticky":false,"template":"","format":"standard","meta":{"_lmt_disableupdate":"","_lmt_disable":"","footnotes":""},"categories":[2,331],"tags":[328,332],"yst_prominent_words":[325],"class_list":["post-210","post","type-post","status-publish","format-standard","has-post-thumbnail","hentry","category-covid-19","category-riflessioni","tag-covid-19","tag-war"],"_links":{"self":[{"href":"https:\/\/antonelloconcas.it\/index.php?rest_route=\/wp\/v2\/posts\/210","targetHints":{"allow":["GET"]}}],"collection":[{"href":"https:\/\/antonelloconcas.it\/index.php?rest_route=\/wp\/v2\/posts"}],"about":[{"href":"https:\/\/antonelloconcas.it\/index.php?rest_route=\/wp\/v2\/types\/post"}],"author":[{"embeddable":true,"href":"https:\/\/antonelloconcas.it\/index.php?rest_route=\/wp\/v2\/users\/1"}],"replies":[{"embeddable":true,"href":"https:\/\/antonelloconcas.it\/index.php?rest_route=%2Fwp%2Fv2%2Fcomments&post=210"}],"version-history":[{"count":2,"href":"https:\/\/antonelloconcas.it\/index.php?rest_route=\/wp\/v2\/posts\/210\/revisions"}],"predecessor-version":[{"id":222,"href":"https:\/\/antonelloconcas.it\/index.php?rest_route=\/wp\/v2\/posts\/210\/revisions\/222"}],"wp:featuredmedia":[{"embeddable":true,"href":"https:\/\/antonelloconcas.it\/index.php?rest_route=\/wp\/v2\/media\/221"}],"wp:attachment":[{"href":"https:\/\/antonelloconcas.it\/index.php?rest_route=%2Fwp%2Fv2%2Fmedia&parent=210"}],"wp:term":[{"taxonomy":"category","embeddable":true,"href":"https:\/\/antonelloconcas.it\/index.php?rest_route=%2Fwp%2Fv2%2Fcategories&post=210"},{"taxonomy":"post_tag","embeddable":true,"href":"https:\/\/antonelloconcas.it\/index.php?rest_route=%2Fwp%2Fv2%2Ftags&post=210"},{"taxonomy":"yst_prominent_words","embeddable":true,"href":"https:\/\/antonelloconcas.it\/index.php?rest_route=%2Fwp%2Fv2%2Fyst_prominent_words&post=210"}],"curies":[{"name":"wp","href":"https:\/\/api.w.org\/{rel}","templated":true}]}}