{"id":243,"date":"2025-10-06T06:16:43","date_gmt":"2025-10-06T06:16:43","guid":{"rendered":"https:\/\/antonelloconcas.it\/?p=243"},"modified":"2025-10-06T06:35:28","modified_gmt":"2025-10-06T06:35:28","slug":"cambiamento-climatico-e-sfide-ambientali-tra-emergenza-e-speranza","status":"publish","type":"post","link":"https:\/\/antonelloconcas.it\/?p=243","title":{"rendered":"Cambiamento climatico e sfide ambientali: tra emergenza e speranza"},"content":{"rendered":"<p style=\"font-weight: 400;\">Il cambiamento climatico non \u00e8 solo un dato scientifico, un grafico che sale o una notizia al telegiornale: \u00e8 la trama stessa della nostra esistenza che si modifica. Ogni volta che apriamo il rubinetto, che facciamo la spesa, che accendiamo il condizionatore o ci muoviamo in citt\u00e0, portiamo con noi il peso e le conseguenze di un ambiente che non \u00e8 pi\u00f9 lo stesso.<\/p>\n<p style=\"font-weight: 400;\">Non si tratta di un problema distante, confinato alle conferenze internazionali o agli appelli di scienziati e attivisti. \u00c8 una realt\u00e0 che ci entra in casa, che tocca le nostre abitudini e che ci obbliga a ripensare il nostro modo di vivere.<\/p>\n<p style=\"font-weight: 400;\">Il cambio del clima, non \u00e8 pi\u00f9 una previsione lontana, n\u00e9 un concetto astratto relegato ai rapporti degli scienziati: \u00e8 una realt\u00e0 che gi\u00e0 plasma la nostra quotidianit\u00e0. Ce ne accorgiamo quando le bollette energetiche salgono, quando assistiamo impotenti a una nuova alluvione che devasta una regione, quando l\u2019estate si fa rovente e mette a rischio la salute di migliaia di persone. In Italia, in Europa, nel mondo, il clima sta cambiando, e con esso cambia la vita delle comunit\u00e0.<\/p>\n<p style=\"font-weight: 400;\">Eppure, se da un lato la situazione appare allarmante, dall\u2019altro nascono esperienze e pratiche innovative che indicano una strada possibile, concreta e percorribile. Non si tratta solo di piani internazionali o di numeri su un grafico: ci sono citt\u00e0, paesi, imprese e cittadini che stanno dimostrando che un futuro pi\u00f9 sostenibile \u00e8 davvero a portata di mano.<\/p>\n<h2>Le ferite del clima che cambia<\/h2>\n<p style=\"font-weight: 400;\">Il nostro Paese \u00e8 una cartina di tornasole di questa emergenza. I ghiacciai alpini, come quello della Marmolada, si ritirano a una velocit\u00e0 impressionante, lasciando dietro di s\u00e9 rocce nude e instabili. Le piogge torrenziali che hanno colpito l\u2019Emilia-Romagna nel 2023 hanno provocato vittime, frane e ingenti danni a infrastrutture e coltivazioni. Nel 2022, in Europa, un\u2019estate record di calore ha portato a decine di migliaia di morti legate direttamente o indirettamente alle ondate di calore.<\/p>\n<p style=\"font-weight: 400;\">E i dati pi\u00f9 recenti confermano la difficolt\u00e0: nel primo semestre del 2025 le emissioni di CO\u2082 in Italia sono addirittura aumentate dell\u20191,3%, complice un ritorno al gas (+6% per il riscaldamento) e il calo delle produzioni da idroelettrico ed eolico. La corsa del fotovoltaico (+23%) non basta ancora a compensare queste perdite. Se per centrare gli obiettivi europei al 2030 servirebbe una riduzione del 6% annuo delle emissioni, con il ritmo attuale il target slitterebbe al 2035.<\/p>\n<p style=\"font-weight: 400;\">Eppure, in questa fragilit\u00e0 c\u2019\u00e8 anche una straordinaria vitalit\u00e0. A <strong>Magliano Alpi (CN)<\/strong> e a <strong>Biccari (FG)<\/strong> i cittadini hanno dato vita a comunit\u00e0 energetiche che producono e condividono energia pulita. In Sicilia e in Puglia il fotovoltaico cresce a ritmi record. <strong>Milano<\/strong>, con il Bosco Verticale e i nuovi parchi urbani, mostra che anche le metropoli possono reinventarsi. Aziende agricole in Emilia e Toscana sperimentano l\u2019agricoltura rigenerativa, che non solo riduce le emissioni ma migliora la qualit\u00e0 dei suoli e dei prodotti.<\/p>\n<h2>L\u2019Europa come guida: ambizione e fatica<\/h2>\n<p style=\"font-weight: 400;\">Anche nel resto d\u2019Europa non mancano modelli positivi. <strong>Copenaghen<\/strong> ha trasformato il vento in risorsa e oggi produce una quota enorme della sua energia con turbine eoliche, al punto da esportarne una parte. La citt\u00e0 punta a essere carbon neutral entro il 2025, un obiettivo che sembrava utopia solo qualche decennio fa. <strong>Utrecht<\/strong>, in Olanda, ha trasformato la bicicletta nel mezzo principale di spostamento, riducendo traffico e inquinamento. <strong>La Germania<\/strong> \u00e8 leader nelle cooperative energetiche: migliaia di cittadini si uniscono per finanziare e gestire impianti eolici e solari, con ritorni economici e ambientali.<\/p>\n<p style=\"font-weight: 400;\">Sono esempi che dimostrano come la sostenibilit\u00e0 non sia un sacrificio, ma una nuova forma di benessere: citt\u00e0 pi\u00f9 vivibili, aria pi\u00f9 pulita, comunit\u00e0 pi\u00f9 coese.<\/p>\n<p style=\"font-weight: 400;\">L\u2019Unione Europea ha tracciato la rotta con il <strong>Green Deal<\/strong>, la strategia che punta a fare dell\u2019Europa il primo continente climaticamente neutro entro il 2050. Significa trasformare radicalmente il nostro modo di produrre energia, muoverci, costruire e persino coltivare.<\/p>\n<p style=\"font-weight: 400;\">Gli obiettivi sono chiari: -55% delle emissioni al 2030 rispetto al 1990; il 42,5% di rinnovabili entro la stessa data (con ambizione al 45%); una mobilit\u00e0 quasi a zero emissioni entro il 2050. Strumenti come il <strong>Carbon Border Adjustment Mechanism<\/strong> (che tassa le importazioni pi\u00f9 inquinanti) e i fondi per la ristrutturazione energetica degli edifici cercano di trasformare queste ambizioni in realt\u00e0.<\/p>\n<p style=\"font-weight: 400;\">Ma non tutto procede senza intoppi: un rapporto del JRC (Commissione Europea) del 2025 mostra che solo 32 obiettivi del Green Deal sono in pieno corso, 64 richiedono accelerazione e 15 sono addirittura in ritardo. L\u2019Europa, insomma, ha la bussola, ma deve premere sull\u2019acceleratore.<\/p>\n<h2>L\u2019innovazione che cambia il quotidiano<\/h2>\n<p style=\"font-weight: 400;\">Le nuove tecnologie aprono strade inedite. In Piemonte la startup <strong>CarpeCarbon<\/strong> sta costruendo il primo impianto italiano per catturare la CO\u2082 direttamente dall\u2019aria. Nei porti italiani si sperimentano sistemi per intercettare i rifiuti plastici prima che si disperdano in mare. Alcune aziende europee stanno sviluppando materiali edili ricavati dalla CO\u2082 catturata, trasformando un problema in una risorsa.<\/p>\n<p style=\"font-weight: 400;\">Ma l\u2019innovazione non \u00e8 solo high-tech: \u00e8 anche il ritorno a stili di vita pi\u00f9 sobri e intelligenti. Quartieri che si organizzano per ridurre sprechi alimentari, scuole che insegnano la sostenibilit\u00e0 come competenza di cittadinanza, imprese che scelgono filiere corte e tracciabili.<\/p>\n<h2>La sfida \u00e8 culturale, non solo tecnica<\/h2>\n<p style=\"font-weight: 400;\">La transizione ecologica non riguarda soltanto impianti, pannelli e turbine. \u00c8 un processo culturale. Richiede un nuovo modo di pensare al rapporto con l\u2019energia, al valore della cooperazione, alla responsabilit\u00e0 verso le generazioni future.<\/p>\n<p style=\"font-weight: 400;\">Il cambiamento climatico, paradossalmente, ci obbliga a riscoprire ci\u00f2 che l\u2019umanit\u00e0 ha spesso dimenticato: la dimensione comunitaria. Non basta che i governi fissino obiettivi; serve che le persone si riconoscano parte di una sfida collettiva. \u00c8 un\u2019occasione per rimettere al centro la solidariet\u00e0, il senso di comunit\u00e0, la responsabilit\u00e0 verso chi verr\u00e0 dopo di noi. L\u2019ambiente non \u00e8 un \u201caltro\u201d da proteggere: \u00e8 la condizione stessa della nostra esistenza.<\/p>\n<p style=\"font-weight: 400;\">Il cambiamento climatico \u00e8 la pi\u00f9 grande sfida del nostro tempo. In Italia vediamo gi\u00e0 i suoi effetti, e in Europa sappiamo che la strada da percorrere \u00e8 lunga e accidentata. Ma ci sono anche segnali incoraggianti: comunit\u00e0 che producono insieme energia pulita, citt\u00e0 che si reinventano, tecnologie che fino a pochi anni fa sembravano fantascienza e che oggi diventano realt\u00e0.<\/p>\n<p style=\"font-weight: 400;\">Non possiamo pi\u00f9 permetterci di considerare il clima come un tema per addetti ai lavori. \u00c8 il terreno su cui si gioca il futuro della nostra economia, della nostra salute, della nostra democrazia. E se \u00e8 vero che l\u2019urgenza \u00e8 enorme, \u00e8 altrettanto vero che abbiamo davanti a noi possibilit\u00e0 straordinarie. Sta a noi, oggi, coglierle.<\/p>\n","protected":false},"excerpt":{"rendered":"<p>Il cambiamento climatico non \u00e8 solo un dato scientifico, un grafico che sale o una notizia al telegiornale: \u00e8 la trama stessa della nostra esistenza che si modifica. Ogni volta&hellip;<\/p>\n","protected":false},"author":1,"featured_media":244,"comment_status":"closed","ping_status":"closed","sticky":false,"template":"","format":"standard","meta":{"_lmt_disableupdate":"","_lmt_disable":"","footnotes":""},"categories":[335,331],"tags":[334],"yst_prominent_words":[],"class_list":["post-243","post","type-post","status-publish","format-standard","has-post-thumbnail","hentry","category-cambiamento-climatico","category-riflessioni","tag-capitale-umano"],"_links":{"self":[{"href":"https:\/\/antonelloconcas.it\/index.php?rest_route=\/wp\/v2\/posts\/243","targetHints":{"allow":["GET"]}}],"collection":[{"href":"https:\/\/antonelloconcas.it\/index.php?rest_route=\/wp\/v2\/posts"}],"about":[{"href":"https:\/\/antonelloconcas.it\/index.php?rest_route=\/wp\/v2\/types\/post"}],"author":[{"embeddable":true,"href":"https:\/\/antonelloconcas.it\/index.php?rest_route=\/wp\/v2\/users\/1"}],"replies":[{"embeddable":true,"href":"https:\/\/antonelloconcas.it\/index.php?rest_route=%2Fwp%2Fv2%2Fcomments&post=243"}],"version-history":[{"count":1,"href":"https:\/\/antonelloconcas.it\/index.php?rest_route=\/wp\/v2\/posts\/243\/revisions"}],"predecessor-version":[{"id":245,"href":"https:\/\/antonelloconcas.it\/index.php?rest_route=\/wp\/v2\/posts\/243\/revisions\/245"}],"wp:featuredmedia":[{"embeddable":true,"href":"https:\/\/antonelloconcas.it\/index.php?rest_route=\/wp\/v2\/media\/244"}],"wp:attachment":[{"href":"https:\/\/antonelloconcas.it\/index.php?rest_route=%2Fwp%2Fv2%2Fmedia&parent=243"}],"wp:term":[{"taxonomy":"category","embeddable":true,"href":"https:\/\/antonelloconcas.it\/index.php?rest_route=%2Fwp%2Fv2%2Fcategories&post=243"},{"taxonomy":"post_tag","embeddable":true,"href":"https:\/\/antonelloconcas.it\/index.php?rest_route=%2Fwp%2Fv2%2Ftags&post=243"},{"taxonomy":"yst_prominent_words","embeddable":true,"href":"https:\/\/antonelloconcas.it\/index.php?rest_route=%2Fwp%2Fv2%2Fyst_prominent_words&post=243"}],"curies":[{"name":"wp","href":"https:\/\/api.w.org\/{rel}","templated":true}]}}